{"id":3472,"date":"2026-03-13T14:51:05","date_gmt":"2026-03-13T13:51:05","guid":{"rendered":"https:\/\/apdeyna.pl\/?p=3472"},"modified":"2026-03-13T15:08:11","modified_gmt":"2026-03-13T14:08:11","slug":"obozy-2026","status":"publish","type":"post","link":"https:\/\/apdeyna.pl\/en\/2026\/03\/13\/obozy-2026\/","title":{"rendered":"Obozy 2026"},"content":{"rendered":"<div data-elementor-type=\"wp-post\" data-elementor-id=\"3472\" class=\"elementor elementor-3472\" data-elementor-post-type=\"post\">\n\t\t\t\t\t\t<section class=\"elementor-section elementor-top-section elementor-element elementor-element-2b2e25d elementor-section-boxed elementor-section-height-default elementor-section-height-default\" data-id=\"2b2e25d\" data-element_type=\"section\">\n\t\t\t\t\t\t<div class=\"elementor-container elementor-column-gap-default\">\n\t\t\t\t\t<div class=\"elementor-column elementor-col-50 elementor-top-column elementor-element elementor-element-2bd58d2\" data-id=\"2bd58d2\" data-element_type=\"column\">\n\t\t\t<div class=\"elementor-widget-wrap elementor-element-populated\">\n\t\t\t\t\t\t<div class=\"elementor-element elementor-element-b62d4e3 elementor-widget elementor-widget-image\" data-id=\"b62d4e3\" data-element_type=\"widget\" data-widget_type=\"image.default\">\n\t\t\t\t<div class=\"elementor-widget-container\">\n\t\t\t\t\t\t\t\t\t\t\t\t\t\t\t\t<a href=\"https:\/\/sun-camp.pl\/dabki-soccer-camp\/\">\n\t\t\t\t\t\t\t<img fetchpriority=\"high\" decoding=\"async\" width=\"300\" height=\"300\" src=\"https:\/\/apdeyna.pl\/wp-content\/uploads\/2026\/03\/Sun-Camp_Font-300x300-1-1.jpg\" class=\"elementor-animation-grow attachment-large size-large wp-image-3476\" alt=\"\" srcset=\"https:\/\/apdeyna.pl\/wp-content\/uploads\/2026\/03\/Sun-Camp_Font-300x300-1-1.jpg 300w, https:\/\/apdeyna.pl\/wp-content\/uploads\/2026\/03\/Sun-Camp_Font-300x300-1-1-150x150.jpg 150w, https:\/\/apdeyna.pl\/wp-content\/uploads\/2026\/03\/Sun-Camp_Font-300x300-1-1-12x12.jpg 12w\" sizes=\"(max-width: 300px) 100vw, 300px\" \/>\t\t\t\t\t\t\t\t<\/a>\n\t\t\t\t\t\t\t\t\t\t\t\t\t\t\t<\/div>\n\t\t\t\t<\/div>\n\t\t\t\t\t<\/div>\n\t\t<\/div>\n\t\t\t\t<div class=\"elementor-column elementor-col-50 elementor-top-column elementor-element elementor-element-288f42e\" data-id=\"288f42e\" data-element_type=\"column\">\n\t\t\t<div class=\"elementor-widget-wrap elementor-element-populated\">\n\t\t\t\t\t\t<div class=\"elementor-element elementor-element-a38f2db elementor-widget elementor-widget-text-editor\" data-id=\"a38f2db\" data-element_type=\"widget\" data-widget_type=\"text-editor.default\">\n\t\t\t\t<div class=\"elementor-widget-container\">\n\t\t\t\t\t\t\t\t\t<h1 style=\"font-size: 2.42em; margin: 0px 0px 0.540791em; font-family: Dosis; color: #009a46; clear: both; line-height: 1.216; text-align: center;\"><strong>OB\u00d3Z WYJAZDOWY LETNI D\u0104BKI SUN CAMP<\/strong><\/h1><ul style=\"margin: 1.5em auto; padding: 0px; list-style-position: outside; list-style-image: initial; color: #7a7a7a; font-family: Dosis, sans-serif; font-size: 17px;\"><li style=\"margin-left: 2.5em; margin-bottom: 6px;\"><span style=\"font-weight: bolder;\">27.06.2026 \u2013 06.07.2026<\/span><\/li><li style=\"margin-left: 2.5em; margin-bottom: 6px;\">D\u0105bki<\/li><li style=\"margin-left: 2.5em; margin-bottom: 6px;\">ob\u00f3z przeznaczony dla wszystkich od 7 do 18 roku \u017cycia<\/li><li style=\"margin-left: 2.5em; margin-bottom: 6px;\">szczeg\u00f3\u0142owa oferta znajduje si\u0119\u00a0<span style=\"color: #339966;\"><a style=\"color: #339966;\" href=\"https:\/\/sun-camp.pl\/dabki-soccer-camp\/\"><span style=\"font-weight: bolder;\">tutaj<\/span><\/a><\/span><\/li><\/ul>\t\t\t\t\t\t\t\t<\/div>\n\t\t\t\t<\/div>\n\t\t\t\t\t<\/div>\n\t\t<\/div>\n\t\t\t\t\t<\/div>\n\t\t<\/section>\n\t\t\t\t<section class=\"elementor-section elementor-top-section elementor-element elementor-element-b13338a elementor-section-boxed elementor-section-height-default elementor-section-height-default\" data-id=\"b13338a\" data-element_type=\"section\">\n\t\t\t\t\t\t<div class=\"elementor-container elementor-column-gap-default\">\n\t\t\t\t\t<div class=\"elementor-column elementor-col-50 elementor-top-column elementor-element elementor-element-bdedacd\" data-id=\"bdedacd\" data-element_type=\"column\">\n\t\t\t<div class=\"elementor-widget-wrap elementor-element-populated\">\n\t\t\t\t\t\t<div class=\"elementor-element elementor-element-d2c9b53 elementor-widget elementor-widget-text-editor\" data-id=\"d2c9b53\" data-element_type=\"widget\" data-widget_type=\"text-editor.default\">\n\t\t\t\t<div class=\"elementor-widget-container\">\n\t\t\t\t\t\t\t\t\t<h1 style=\"font-size: 2.42em; margin: 0px 0px 0.540791em; font-family: Dosis; color: #009a46; clear: both; line-height: 1.216; text-align: center;\"><strong>OB\u00d3Z WYJAZDOWY LETNI MR\u0104GOWO SUN CAMP\u00a0<\/strong><\/h1><ul style=\"margin: 1.5em auto; padding: 0px; list-style-position: outside; list-style-image: initial; color: #7a7a7a; font-family: Dosis, sans-serif; font-size: 17px; font-weight: 400; text-align: start;\"><li style=\"margin-left: 2.5em; margin-bottom: 6px; list-style-type: none;\"><ul style=\"margin: 0px auto 0px 2.5em; padding: 0px; list-style: outside disc;\"><li style=\"margin-left: 0px; margin-bottom: 6px;\"><span style=\"font-weight: bolder;\">17.08-26.08.2026\u00a0<\/span><\/li><li style=\"margin-left: 0px; margin-bottom: 6px;\">Mr\u0105gowo<\/li><li style=\"margin-left: 0px; margin-bottom: 6px;\">ob\u00f3z przeznaczony dla rocznik\u00f3w 2015 \u2013 2019<\/li><li style=\"margin-left: 0px; margin-bottom: 6px;\">szczeg\u00f3\u0142owa oferta znajduje si\u0119\u00a0<span style=\"color: #339966;\"><a style=\"color: #339966;\" href=\"https:\/\/sun-camp.pl\/mragowo-soccer-camp\/\"><span style=\"font-weight: bolder;\"><span style=\"transition-duration: 0.14s; transition-timing-function: ease-out;\">tutaj<\/span><\/span><\/a><\/span><\/li><\/ul><\/li><\/ul><ul style=\"margin: 1.5em auto; padding: 0px; list-style-position: outside; list-style-image: initial; color: #7a7a7a; font-size: 17px;\"><li style=\"margin-left: 2.5em; margin-bottom: 6px; list-style-type: none;\">\u00a0<\/li><\/ul>\t\t\t\t\t\t\t\t<\/div>\n\t\t\t\t<\/div>\n\t\t\t\t\t<\/div>\n\t\t<\/div>\n\t\t\t\t<div class=\"elementor-column elementor-col-50 elementor-top-column elementor-element elementor-element-64349fb\" data-id=\"64349fb\" data-element_type=\"column\">\n\t\t\t<div class=\"elementor-widget-wrap elementor-element-populated\">\n\t\t\t\t\t\t<div class=\"elementor-element elementor-element-b3d6c90 elementor-widget elementor-widget-image\" data-id=\"b3d6c90\" data-element_type=\"widget\" data-widget_type=\"image.default\">\n\t\t\t\t<div class=\"elementor-widget-container\">\n\t\t\t\t\t\t\t\t\t\t\t\t\t\t\t\t<a href=\"https:\/\/sun-camp.pl\/mragowo-soccer-camp\/\">\n\t\t\t\t\t\t\t<img decoding=\"async\" width=\"300\" height=\"300\" src=\"https:\/\/apdeyna.pl\/wp-content\/uploads\/2026\/03\/Mragowo_03-3-300x300.jpg\" class=\"elementor-animation-grow attachment-medium size-medium wp-image-3475\" alt=\"\" srcset=\"https:\/\/apdeyna.pl\/wp-content\/uploads\/2026\/03\/Mragowo_03-3-300x300.jpg 300w, https:\/\/apdeyna.pl\/wp-content\/uploads\/2026\/03\/Mragowo_03-3-150x150.jpg 150w, https:\/\/apdeyna.pl\/wp-content\/uploads\/2026\/03\/Mragowo_03-3-12x12.jpg 12w, https:\/\/apdeyna.pl\/wp-content\/uploads\/2026\/03\/Mragowo_03-3.jpg 681w\" sizes=\"(max-width: 300px) 100vw, 300px\" \/>\t\t\t\t\t\t\t\t<\/a>\n\t\t\t\t\t\t\t\t\t\t\t\t\t\t\t<\/div>\n\t\t\t\t<\/div>\n\t\t\t\t\t<\/div>\n\t\t<\/div>\n\t\t\t\t\t<\/div>\n\t\t<\/section>\n\t\t\t\t<section class=\"elementor-section elementor-top-section elementor-element elementor-element-e35bb98 elementor-section-boxed elementor-section-height-default elementor-section-height-default\" data-id=\"e35bb98\" data-element_type=\"section\">\n\t\t\t\t\t\t<div class=\"elementor-container elementor-column-gap-default\">\n\t\t\t\t\t<div class=\"elementor-column elementor-col-50 elementor-top-column elementor-element elementor-element-e099f2f\" data-id=\"e099f2f\" data-element_type=\"column\">\n\t\t\t<div class=\"elementor-widget-wrap elementor-element-populated\">\n\t\t\t\t\t\t<div class=\"elementor-element elementor-element-737b2f0 elementor-widget elementor-widget-image\" data-id=\"737b2f0\" data-element_type=\"widget\" data-widget_type=\"image.default\">\n\t\t\t\t<div class=\"elementor-widget-container\">\n\t\t\t\t\t\t\t\t\t\t\t\t\t\t\t\t<a href=\"https:\/\/sun-camp.pl\/ustka-soccer-camp\/\">\n\t\t\t\t\t\t\t<img decoding=\"async\" width=\"300\" height=\"300\" src=\"https:\/\/apdeyna.pl\/wp-content\/uploads\/2026\/03\/Projekt-bez-nazwy-34.png\" class=\"elementor-animation-grow attachment-large size-large wp-image-3474\" alt=\"\" srcset=\"https:\/\/apdeyna.pl\/wp-content\/uploads\/2026\/03\/Projekt-bez-nazwy-34.png 300w, https:\/\/apdeyna.pl\/wp-content\/uploads\/2026\/03\/Projekt-bez-nazwy-34-150x150.png 150w, https:\/\/apdeyna.pl\/wp-content\/uploads\/2026\/03\/Projekt-bez-nazwy-34-12x12.png 12w\" sizes=\"(max-width: 300px) 100vw, 300px\" \/>\t\t\t\t\t\t\t\t<\/a>\n\t\t\t\t\t\t\t\t\t\t\t\t\t\t\t<\/div>\n\t\t\t\t<\/div>\n\t\t\t\t\t<\/div>\n\t\t<\/div>\n\t\t\t\t<div class=\"elementor-column elementor-col-50 elementor-top-column elementor-element elementor-element-adc0c8b\" data-id=\"adc0c8b\" data-element_type=\"column\">\n\t\t\t<div class=\"elementor-widget-wrap elementor-element-populated\">\n\t\t\t\t\t\t<div class=\"elementor-element elementor-element-c680e9c elementor-widget elementor-widget-text-editor\" data-id=\"c680e9c\" data-element_type=\"widget\" data-widget_type=\"text-editor.default\">\n\t\t\t\t<div class=\"elementor-widget-container\">\n\t\t\t\t\t\t\t\t\t<h1 style=\"font-size: 2.42em; margin: 0px 0px 0.540791em; font-family: Dosis; color: #009a46; clear: both; line-height: 1.216; text-align: center;\"><strong>OB\u00d3Z WYJAZDOWY LETNI USTKA SUN CAMP<\/strong><\/h1><ul style=\"margin: 1.5em auto; padding: 0px; list-style-position: outside; list-style-image: initial; color: #7a7a7a; font-size: 17px; font-weight: 400;\"><li style=\"margin-left: 2.5em; margin-bottom: 6px; list-style-type: none;\"><ul style=\"margin: 0px auto 0px 2.5em; padding: 0px; list-style: outside disc;\"><li style=\"margin-left: 0px; margin-bottom: 6px;\"><span style=\"font-weight: bolder;\">07.08-16.08.2026<\/span><\/li><li style=\"margin-left: 0px; margin-bottom: 6px;\">Ustka<\/li><li style=\"margin-left: 0px; margin-bottom: 6px;\">ob\u00f3z przeznaczony dla rocznik\u00f3w 2010 &#8211; 2014<\/li><li style=\"margin-left: 0px; margin-bottom: 6px;\">szczeg\u00f3\u0142owa oferta znajduje si\u0119\u00a0<strong><span style=\"color: #339966;\"><a style=\"color: #339966;\" href=\"https:\/\/sun-camp.pl\/ustka-soccer-camp\/\">tutaj<\/a><\/span><\/strong><\/li><\/ul><\/li><\/ul>\t\t\t\t\t\t\t\t<\/div>\n\t\t\t\t<\/div>\n\t\t\t\t\t<\/div>\n\t\t<\/div>\n\t\t\t\t\t<\/div>\n\t\t<\/section>\n\t\t\t\t<\/div>","protected":false},"excerpt":{"rendered":"<p>OB\u00d3Z WYJAZDOWY LETNI D\u0104BKI SUN CAMP 27.06.2026 \u2013 06.07.2026 D\u0105bki ob\u00f3z przeznaczony dla wszystkich od 7 do 18 roku \u017cycia szczeg\u00f3\u0142owa oferta znajduje si\u0119\u00a0tutaj OB\u00d3Z WYJAZDOWY LETNI MR\u0104GOWO SUN CAMP\u00a0 17.08-26.08.2026\u00a0 Mr\u0105gowo ob\u00f3z przeznaczony dla rocznik\u00f3w 2015 \u2013 2019 szczeg\u00f3\u0142owa oferta znajduje si\u0119\u00a0tutaj \u00a0 OB\u00d3Z WYJAZDOWY LETNI USTKA SUN CAMP 07.08-16.08.2026 Ustka ob\u00f3z przeznaczony dla [&hellip;]<\/p>\n","protected":false},"author":1,"featured_media":0,"comment_status":"closed","ping_status":"open","sticky":false,"template":"elementor_theme","format":"standard","meta":{"footnotes":""},"categories":[1],"tags":[],"class_list":["post-3472","post","type-post","status-publish","format-standard","hentry","category-bez-kategorii"],"yoast_head":"<!-- This site is optimized with the Yoast SEO plugin v27.5 - https:\/\/yoast.com\/product\/yoast-seo-wordpress\/ -->\n<title>Obozy 2026 - AP Deyna<\/title>\n<meta name=\"robots\" content=\"index, follow, max-snippet:-1, max-image-preview:large, max-video-preview:-1\" \/>\n<link rel=\"canonical\" href=\"https:\/\/apdeyna.pl\/en\/2026\/03\/13\/obozy-2026\/\" \/>\n<meta property=\"og:locale\" content=\"en_US\" \/>\n<meta property=\"og:type\" content=\"article\" \/>\n<meta property=\"og:title\" content=\"Obozy 2026 - AP Deyna\" \/>\n<meta property=\"og:description\" content=\"OB\u00d3Z WYJAZDOWY LETNI D\u0104BKI SUN CAMP 27.06.2026 \u2013 06.07.2026 D\u0105bki ob\u00f3z przeznaczony dla wszystkich od 7 do 18 roku \u017cycia szczeg\u00f3\u0142owa oferta znajduje si\u0119\u00a0tutaj OB\u00d3Z WYJAZDOWY LETNI MR\u0104GOWO SUN CAMP\u00a0 17.08-26.08.2026\u00a0 Mr\u0105gowo ob\u00f3z przeznaczony dla rocznik\u00f3w 2015 \u2013 2019 szczeg\u00f3\u0142owa oferta znajduje si\u0119\u00a0tutaj \u00a0 OB\u00d3Z WYJAZDOWY LETNI USTKA SUN CAMP 07.08-16.08.2026 Ustka ob\u00f3z przeznaczony dla [&hellip;]\" \/>\n<meta property=\"og:url\" content=\"https:\/\/apdeyna.pl\/en\/2026\/03\/13\/obozy-2026\/\" \/>\n<meta property=\"og:site_name\" content=\"AP Deyna\" \/>\n<meta property=\"article:publisher\" content=\"https:\/\/www.facebook.com\/apdeynapl\" \/>\n<meta property=\"article:published_time\" content=\"2026-03-13T13:51:05+00:00\" \/>\n<meta property=\"article:modified_time\" content=\"2026-03-13T14:08:11+00:00\" \/>\n<meta property=\"og:image\" content=\"https:\/\/apdeyna.pl\/wp-content\/uploads\/2026\/03\/Sun-Camp_Font-300x300-1-1.jpg\" \/>\n\t<meta property=\"og:image:width\" content=\"300\" \/>\n\t<meta property=\"og:image:height\" content=\"300\" \/>\n\t<meta property=\"og:image:type\" content=\"image\/jpeg\" \/>\n<meta name=\"author\" content=\"admin\" \/>\n<meta name=\"twitter:card\" content=\"summary_large_image\" \/>\n<meta name=\"twitter:label1\" content=\"Written by\" \/>\n\t<meta name=\"twitter:data1\" content=\"admin\" \/>\n\t<meta name=\"twitter:label2\" content=\"Est. reading time\" \/>\n\t<meta name=\"twitter:data2\" content=\"1 minute\" \/>\n<script type=\"application\/ld+json\" class=\"yoast-schema-graph\">{\"@context\":\"https:\\\/\\\/schema.org\",\"@graph\":[{\"@type\":\"Article\",\"@id\":\"https:\\\/\\\/apdeyna.pl\\\/2026\\\/03\\\/13\\\/obozy-2026\\\/#article\",\"isPartOf\":{\"@id\":\"https:\\\/\\\/apdeyna.pl\\\/2026\\\/03\\\/13\\\/obozy-2026\\\/\"},\"author\":{\"name\":\"admin\",\"@id\":\"https:\\\/\\\/apdeyna.pl\\\/#\\\/schema\\\/person\\\/dd7298d574f066da9061391cb83cccdd\"},\"headline\":\"Obozy 2026\",\"datePublished\":\"2026-03-13T13:51:05+00:00\",\"dateModified\":\"2026-03-13T14:08:11+00:00\",\"mainEntityOfPage\":{\"@id\":\"https:\\\/\\\/apdeyna.pl\\\/2026\\\/03\\\/13\\\/obozy-2026\\\/\"},\"wordCount\":71,\"publisher\":{\"@id\":\"https:\\\/\\\/apdeyna.pl\\\/#organization\"},\"image\":{\"@id\":\"https:\\\/\\\/apdeyna.pl\\\/2026\\\/03\\\/13\\\/obozy-2026\\\/#primaryimage\"},\"thumbnailUrl\":\"http:\\\/\\\/apdeyna.pl\\\/wp-content\\\/uploads\\\/2026\\\/03\\\/Sun-Camp_Font-300x300-1-1.jpg\",\"articleSection\":[\"Bez kategorii\"],\"inLanguage\":\"en-US\"},{\"@type\":\"WebPage\",\"@id\":\"https:\\\/\\\/apdeyna.pl\\\/2026\\\/03\\\/13\\\/obozy-2026\\\/\",\"url\":\"https:\\\/\\\/apdeyna.pl\\\/2026\\\/03\\\/13\\\/obozy-2026\\\/\",\"name\":\"Obozy 2026 - AP Deyna\",\"isPartOf\":{\"@id\":\"https:\\\/\\\/apdeyna.pl\\\/#website\"},\"primaryImageOfPage\":{\"@id\":\"https:\\\/\\\/apdeyna.pl\\\/2026\\\/03\\\/13\\\/obozy-2026\\\/#primaryimage\"},\"image\":{\"@id\":\"https:\\\/\\\/apdeyna.pl\\\/2026\\\/03\\\/13\\\/obozy-2026\\\/#primaryimage\"},\"thumbnailUrl\":\"http:\\\/\\\/apdeyna.pl\\\/wp-content\\\/uploads\\\/2026\\\/03\\\/Sun-Camp_Font-300x300-1-1.jpg\",\"datePublished\":\"2026-03-13T13:51:05+00:00\",\"dateModified\":\"2026-03-13T14:08:11+00:00\",\"breadcrumb\":{\"@id\":\"https:\\\/\\\/apdeyna.pl\\\/2026\\\/03\\\/13\\\/obozy-2026\\\/#breadcrumb\"},\"inLanguage\":\"en-US\",\"potentialAction\":[{\"@type\":\"ReadAction\",\"target\":[\"https:\\\/\\\/apdeyna.pl\\\/2026\\\/03\\\/13\\\/obozy-2026\\\/\"]}]},{\"@type\":\"ImageObject\",\"inLanguage\":\"en-US\",\"@id\":\"https:\\\/\\\/apdeyna.pl\\\/2026\\\/03\\\/13\\\/obozy-2026\\\/#primaryimage\",\"url\":\"http:\\\/\\\/apdeyna.pl\\\/wp-content\\\/uploads\\\/2026\\\/03\\\/Sun-Camp_Font-300x300-1-1.jpg\",\"contentUrl\":\"http:\\\/\\\/apdeyna.pl\\\/wp-content\\\/uploads\\\/2026\\\/03\\\/Sun-Camp_Font-300x300-1-1.jpg\"},{\"@type\":\"BreadcrumbList\",\"@id\":\"https:\\\/\\\/apdeyna.pl\\\/2026\\\/03\\\/13\\\/obozy-2026\\\/#breadcrumb\",\"itemListElement\":[{\"@type\":\"ListItem\",\"position\":1,\"name\":\"Strona g\u0142\u00f3wna\",\"item\":\"https:\\\/\\\/apdeyna.pl\\\/\"},{\"@type\":\"ListItem\",\"position\":2,\"name\":\"Obozy 2026\"}]},{\"@type\":\"WebSite\",\"@id\":\"https:\\\/\\\/apdeyna.pl\\\/#website\",\"url\":\"https:\\\/\\\/apdeyna.pl\\\/\",\"name\":\"AP Deyna\",\"description\":\"AKADEMIA PI\u0141KARSKA IM. KAZIMIERZA DEYNY\",\"publisher\":{\"@id\":\"https:\\\/\\\/apdeyna.pl\\\/#organization\"},\"potentialAction\":[{\"@type\":\"SearchAction\",\"target\":{\"@type\":\"EntryPoint\",\"urlTemplate\":\"https:\\\/\\\/apdeyna.pl\\\/?s={search_term_string}\"},\"query-input\":{\"@type\":\"PropertyValueSpecification\",\"valueRequired\":true,\"valueName\":\"search_term_string\"}}],\"inLanguage\":\"en-US\"},{\"@type\":\"Organization\",\"@id\":\"https:\\\/\\\/apdeyna.pl\\\/#organization\",\"name\":\"AP Deyna\",\"url\":\"https:\\\/\\\/apdeyna.pl\\\/\",\"logo\":{\"@type\":\"ImageObject\",\"inLanguage\":\"en-US\",\"@id\":\"https:\\\/\\\/apdeyna.pl\\\/#\\\/schema\\\/logo\\\/image\\\/\",\"url\":\"https:\\\/\\\/apdeyna.pl\\\/wp-content\\\/uploads\\\/2023\\\/06\\\/cropped-favicon_apdeyna.png\",\"contentUrl\":\"https:\\\/\\\/apdeyna.pl\\\/wp-content\\\/uploads\\\/2023\\\/06\\\/cropped-favicon_apdeyna.png\",\"width\":512,\"height\":512,\"caption\":\"AP Deyna\"},\"image\":{\"@id\":\"https:\\\/\\\/apdeyna.pl\\\/#\\\/schema\\\/logo\\\/image\\\/\"},\"sameAs\":[\"https:\\\/\\\/www.facebook.com\\\/apdeynapl\",\"https:\\\/\\\/www.youtube.com\\\/@APDeyna\"]},{\"@type\":\"Person\",\"@id\":\"https:\\\/\\\/apdeyna.pl\\\/#\\\/schema\\\/person\\\/dd7298d574f066da9061391cb83cccdd\",\"name\":\"admin\",\"image\":{\"@type\":\"ImageObject\",\"inLanguage\":\"en-US\",\"@id\":\"https:\\\/\\\/secure.gravatar.com\\\/avatar\\\/fc0815c0d74e011baa0aef9d842482cf7901cd0126bceb31dc6074061192c24b?s=96&d=mm&r=g\",\"url\":\"https:\\\/\\\/secure.gravatar.com\\\/avatar\\\/fc0815c0d74e011baa0aef9d842482cf7901cd0126bceb31dc6074061192c24b?s=96&d=mm&r=g\",\"contentUrl\":\"https:\\\/\\\/secure.gravatar.com\\\/avatar\\\/fc0815c0d74e011baa0aef9d842482cf7901cd0126bceb31dc6074061192c24b?s=96&d=mm&r=g\",\"caption\":\"admin\"},\"sameAs\":[\"https:\\\/\\\/apdeyna.pl\"],\"url\":\"https:\\\/\\\/apdeyna.pl\\\/en\\\/author\\\/admin\\\/\"}]}<\/script>\n<!-- \/ Yoast SEO plugin. -->","yoast_head_json":{"title":"Obozy 2026 - AP Deyna","robots":{"index":"index","follow":"follow","max-snippet":"max-snippet:-1","max-image-preview":"max-image-preview:large","max-video-preview":"max-video-preview:-1"},"canonical":"https:\/\/apdeyna.pl\/en\/2026\/03\/13\/obozy-2026\/","og_locale":"en_US","og_type":"article","og_title":"Obozy 2026 - AP Deyna","og_description":"OB\u00d3Z WYJAZDOWY LETNI D\u0104BKI SUN CAMP 27.06.2026 \u2013 06.07.2026 D\u0105bki ob\u00f3z przeznaczony dla wszystkich od 7 do 18 roku \u017cycia szczeg\u00f3\u0142owa oferta znajduje si\u0119\u00a0tutaj OB\u00d3Z WYJAZDOWY LETNI MR\u0104GOWO SUN CAMP\u00a0 17.08-26.08.2026\u00a0 Mr\u0105gowo ob\u00f3z przeznaczony dla rocznik\u00f3w 2015 \u2013 2019 szczeg\u00f3\u0142owa oferta znajduje si\u0119\u00a0tutaj \u00a0 OB\u00d3Z WYJAZDOWY LETNI USTKA SUN CAMP 07.08-16.08.2026 Ustka ob\u00f3z przeznaczony dla [&hellip;]","og_url":"https:\/\/apdeyna.pl\/en\/2026\/03\/13\/obozy-2026\/","og_site_name":"AP Deyna","article_publisher":"https:\/\/www.facebook.com\/apdeynapl","article_published_time":"2026-03-13T13:51:05+00:00","article_modified_time":"2026-03-13T14:08:11+00:00","og_image":[{"width":300,"height":300,"url":"https:\/\/apdeyna.pl\/wp-content\/uploads\/2026\/03\/Sun-Camp_Font-300x300-1-1.jpg","type":"image\/jpeg"}],"author":"admin","twitter_card":"summary_large_image","twitter_misc":{"Written by":"admin","Est. reading time":"1 minute"},"schema":{"@context":"https:\/\/schema.org","@graph":[{"@type":"Article","@id":"https:\/\/apdeyna.pl\/2026\/03\/13\/obozy-2026\/#article","isPartOf":{"@id":"https:\/\/apdeyna.pl\/2026\/03\/13\/obozy-2026\/"},"author":{"name":"admin","@id":"https:\/\/apdeyna.pl\/#\/schema\/person\/dd7298d574f066da9061391cb83cccdd"},"headline":"Obozy 2026","datePublished":"2026-03-13T13:51:05+00:00","dateModified":"2026-03-13T14:08:11+00:00","mainEntityOfPage":{"@id":"https:\/\/apdeyna.pl\/2026\/03\/13\/obozy-2026\/"},"wordCount":71,"publisher":{"@id":"https:\/\/apdeyna.pl\/#organization"},"image":{"@id":"https:\/\/apdeyna.pl\/2026\/03\/13\/obozy-2026\/#primaryimage"},"thumbnailUrl":"http:\/\/apdeyna.pl\/wp-content\/uploads\/2026\/03\/Sun-Camp_Font-300x300-1-1.jpg","articleSection":["Bez kategorii"],"inLanguage":"en-US"},{"@type":"WebPage","@id":"https:\/\/apdeyna.pl\/2026\/03\/13\/obozy-2026\/","url":"https:\/\/apdeyna.pl\/2026\/03\/13\/obozy-2026\/","name":"Obozy 2026 - AP Deyna","isPartOf":{"@id":"https:\/\/apdeyna.pl\/#website"},"primaryImageOfPage":{"@id":"https:\/\/apdeyna.pl\/2026\/03\/13\/obozy-2026\/#primaryimage"},"image":{"@id":"https:\/\/apdeyna.pl\/2026\/03\/13\/obozy-2026\/#primaryimage"},"thumbnailUrl":"http:\/\/apdeyna.pl\/wp-content\/uploads\/2026\/03\/Sun-Camp_Font-300x300-1-1.jpg","datePublished":"2026-03-13T13:51:05+00:00","dateModified":"2026-03-13T14:08:11+00:00","breadcrumb":{"@id":"https:\/\/apdeyna.pl\/2026\/03\/13\/obozy-2026\/#breadcrumb"},"inLanguage":"en-US","potentialAction":[{"@type":"ReadAction","target":["https:\/\/apdeyna.pl\/2026\/03\/13\/obozy-2026\/"]}]},{"@type":"ImageObject","inLanguage":"en-US","@id":"https:\/\/apdeyna.pl\/2026\/03\/13\/obozy-2026\/#primaryimage","url":"http:\/\/apdeyna.pl\/wp-content\/uploads\/2026\/03\/Sun-Camp_Font-300x300-1-1.jpg","contentUrl":"http:\/\/apdeyna.pl\/wp-content\/uploads\/2026\/03\/Sun-Camp_Font-300x300-1-1.jpg"},{"@type":"BreadcrumbList","@id":"https:\/\/apdeyna.pl\/2026\/03\/13\/obozy-2026\/#breadcrumb","itemListElement":[{"@type":"ListItem","position":1,"name":"Strona g\u0142\u00f3wna","item":"https:\/\/apdeyna.pl\/"},{"@type":"ListItem","position":2,"name":"Obozy 2026"}]},{"@type":"WebSite","@id":"https:\/\/apdeyna.pl\/#website","url":"https:\/\/apdeyna.pl\/","name":"AP Deyna","description":"AKADEMIA PI\u0141KARSKA IM. KAZIMIERZA DEYNY","publisher":{"@id":"https:\/\/apdeyna.pl\/#organization"},"potentialAction":[{"@type":"SearchAction","target":{"@type":"EntryPoint","urlTemplate":"https:\/\/apdeyna.pl\/?s={search_term_string}"},"query-input":{"@type":"PropertyValueSpecification","valueRequired":true,"valueName":"search_term_string"}}],"inLanguage":"en-US"},{"@type":"Organization","@id":"https:\/\/apdeyna.pl\/#organization","name":"AP Deyna","url":"https:\/\/apdeyna.pl\/","logo":{"@type":"ImageObject","inLanguage":"en-US","@id":"https:\/\/apdeyna.pl\/#\/schema\/logo\/image\/","url":"https:\/\/apdeyna.pl\/wp-content\/uploads\/2023\/06\/cropped-favicon_apdeyna.png","contentUrl":"https:\/\/apdeyna.pl\/wp-content\/uploads\/2023\/06\/cropped-favicon_apdeyna.png","width":512,"height":512,"caption":"AP Deyna"},"image":{"@id":"https:\/\/apdeyna.pl\/#\/schema\/logo\/image\/"},"sameAs":["https:\/\/www.facebook.com\/apdeynapl","https:\/\/www.youtube.com\/@APDeyna"]},{"@type":"Person","@id":"https:\/\/apdeyna.pl\/#\/schema\/person\/dd7298d574f066da9061391cb83cccdd","name":"admin","image":{"@type":"ImageObject","inLanguage":"en-US","@id":"https:\/\/secure.gravatar.com\/avatar\/fc0815c0d74e011baa0aef9d842482cf7901cd0126bceb31dc6074061192c24b?s=96&d=mm&r=g","url":"https:\/\/secure.gravatar.com\/avatar\/fc0815c0d74e011baa0aef9d842482cf7901cd0126bceb31dc6074061192c24b?s=96&d=mm&r=g","contentUrl":"https:\/\/secure.gravatar.com\/avatar\/fc0815c0d74e011baa0aef9d842482cf7901cd0126bceb31dc6074061192c24b?s=96&d=mm&r=g","caption":"admin"},"sameAs":["https:\/\/apdeyna.pl"],"url":"https:\/\/apdeyna.pl\/en\/author\/admin\/"}]}},"_links":{"self":[{"href":"https:\/\/apdeyna.pl\/en\/wp-json\/wp\/v2\/posts\/3472","targetHints":{"allow":["GET"]}}],"collection":[{"href":"https:\/\/apdeyna.pl\/en\/wp-json\/wp\/v2\/posts"}],"about":[{"href":"https:\/\/apdeyna.pl\/en\/wp-json\/wp\/v2\/types\/post"}],"author":[{"embeddable":true,"href":"https:\/\/apdeyna.pl\/en\/wp-json\/wp\/v2\/users\/1"}],"replies":[{"embeddable":true,"href":"https:\/\/apdeyna.pl\/en\/wp-json\/wp\/v2\/comments?post=3472"}],"version-history":[{"count":11,"href":"https:\/\/apdeyna.pl\/en\/wp-json\/wp\/v2\/posts\/3472\/revisions"}],"predecessor-version":[{"id":3487,"href":"https:\/\/apdeyna.pl\/en\/wp-json\/wp\/v2\/posts\/3472\/revisions\/3487"}],"wp:attachment":[{"href":"https:\/\/apdeyna.pl\/en\/wp-json\/wp\/v2\/media?parent=3472"}],"wp:term":[{"taxonomy":"category","embeddable":true,"href":"https:\/\/apdeyna.pl\/en\/wp-json\/wp\/v2\/categories?post=3472"},{"taxonomy":"post_tag","embeddable":true,"href":"https:\/\/apdeyna.pl\/en\/wp-json\/wp\/v2\/tags?post=3472"}],"curies":[{"name":"wp","href":"https:\/\/api.w.org\/{rel}","templated":true}]}}